{"id":4484,"date":"2024-06-19T14:13:28","date_gmt":"2024-06-19T12:13:28","guid":{"rendered":"https:\/\/www.ptc.cz\/?p=4484"},"modified":"2024-06-19T14:13:28","modified_gmt":"2024-06-19T12:13:28","slug":"rak-migdalow","status":"publish","type":"post","link":"https:\/\/www.ptc.cz\/pl\/blog\/rak-migdalow\/","title":{"rendered":"Rak migda\u0142\u00f3w"},"content":{"rendered":"<p>Rak migda\u0142\u00f3w nale\u017cy do grupy guz\u00f3w cz\u0119\u015bci ustnej gard\u0142a, do kt\u00f3rej zalicza si\u0119 r\u00f3wnie\u017c guzy podstawy j\u0119zyka, podniebienia mi\u0119kkiego i&nbsp;tylnej \u015bciany gard\u0142a.<\/p>\n<div class=\"row\">\n<div class=\"col\">\n<p>Niestety zachorowalno\u015b\u0107 na&nbsp;nowotwory w tym obszarze wzrasta; Rozpoznawana jest do 7 razy cz\u0119\u015bciej u&nbsp;m\u0119\u017cczyzn ni\u017c u&nbsp;kobiet, najcz\u0119\u015bciej w wieku od 50 do 60 lat.<\/p>\n<p>Z&nbsp;morfologicznego punktu widzenia w okolicy migda\u0142k\u00f3w powstaj\u0105 raki p\u0142askonab\u0142onkowe o&nbsp;r\u00f3\u017cnym stopniu zr\u00f3\u017cnicowania. Rzadko mo\u017ce r\u00f3wnie\u017c wyst\u0105pi\u0107 gruczolakorak, z\u0142o\u015bliwy ch\u0142oniak i&nbsp;niezr\u00f3\u017cnicowany rak nosogardzieli na&nbsp;migda\u0142kach podniebienia.<\/p>\n<h2>Objawy raka migda\u0142k\u00f3w<\/h2>\n<p>Podobnie jak w przypadku innych guz\u00f3w jamy ustnej i&nbsp;gard\u0142a, guzy migda\u0142k\u00f3w cz\u0119sto pozostaj\u0105 bezobjawowe przez d\u0142ugi czas. Jeden z&nbsp;pierwszych objaw\u00f3w mo\u017ce by\u0107 podobny do stanu zapalnego \u2013 ale w przeciwie\u0144stwie do tego, zwykle objawia si\u0119 tylko jednostronnie. Z&nbsp;biegiem czasu mog\u0105 si\u0119 jeszcze pojawi\u0107:<\/p>\n<ul>\n<li>trudno\u015bci z&nbsp;po\u0142ykaniem<\/li>\n<li>uczucie cia\u0142a obcego w gardle,<\/li>\n<li>krew w \u015blinie,<\/li>\n<li>eksulceracja (wrzodowacenie)<\/li>\n<li>nieprzyjemny zapach z&nbsp;ust<\/li>\n<li>b\u00f3l przeszywaj\u0105cy a\u017c do ucha.<\/li>\n<\/ul>\n<h2>Czynniki ryzyka raka migda\u0142\u00f3w<\/h2>\n<p>Wp\u0142ywy zewn\u0119trzne i&nbsp;styl \u017cycia odgrywaj\u0105 g\u0142\u00f3wn\u0105 rol\u0119 w raku jamy ustnej i&nbsp;gard\u0142a. Palenie jest tutaj istotnym czynnikiem ryzyka, szczeg\u00f3lnie w przypadkach, gdy \u0142\u0105czy si\u0119 ono z&nbsp;nadu\u017cywaniem alkoholu. Wykazano, \u017ce zaka\u017cenie wirusem brodawczaka ludzkiego (HPV) ma r\u00f3wnie\u017c wp\u0142yw. Oczywi\u015bcie istnieje r\u00f3wnie\u017c predyspozycja genetyczna, a&nbsp;tak\u017ce nara\u017cenie na&nbsp;promieniowanie czy d\u0142ugotrwa\u0142y kontakt z&nbsp;niekt\u00f3rymi substancjami rakotw\u00f3rczymi (o\u0142\u00f3w, azbest, nikiel, chrom, fluor, arsen). Nie bez znaczenia mo\u017ce by\u0107 r\u00f3wnie\u017c z\u0142a higiena jamy ustnej oraz niedostateczne lub ma\u0142o zr\u00f3\u017cnicowane od\u017cywianie.<\/p>\n<\/div>\n<\/div>\n","protected":false},"excerpt":{"rendered":"<p>Rak migda\u0142\u00f3w nale\u017cy do grupy guz\u00f3w cz\u0119\u015bci ustnej gard\u0142a, do kt\u00f3rej zalicza si\u0119 r\u00f3wnie\u017c guzy podstawy j\u0119zyka, podniebienia mi\u0119kkiego i&nbsp;tylnej \u015bciany gard\u0142a. Niestety zachorowalno\u015b\u0107 na&nbsp;nowotwory w tym obszarze wzrasta; Rozpoznawana jest do 7 razy cz\u0119\u015bciej u&nbsp;m\u0119\u017cczyzn ni\u017c u&nbsp;kobiet, najcz\u0119\u015bciej w wieku od 50 do 60 lat. Z&nbsp;morfologicznego punktu widzenia w okolicy migda\u0142k\u00f3w powstaj\u0105 raki p\u0142askonab\u0142onkowe&#8230;<\/p>\n","protected":false},"author":9,"featured_media":4485,"comment_status":"open","ping_status":"open","sticky":false,"template":"","format":"standard","meta":{"footnotes":""},"categories":[27],"tags":[],"class_list":["post-4484","post","type-post","status-publish","format-standard","has-post-thumbnail","hentry","category-blog"],"acf":[],"aioseo_notices":[],"_links":{"self":[{"href":"https:\/\/www.ptc.cz\/pl\/wp-json\/wp\/v2\/posts\/4484","targetHints":{"allow":["GET"]}}],"collection":[{"href":"https:\/\/www.ptc.cz\/pl\/wp-json\/wp\/v2\/posts"}],"about":[{"href":"https:\/\/www.ptc.cz\/pl\/wp-json\/wp\/v2\/types\/post"}],"author":[{"embeddable":true,"href":"https:\/\/www.ptc.cz\/pl\/wp-json\/wp\/v2\/users\/9"}],"replies":[{"embeddable":true,"href":"https:\/\/www.ptc.cz\/pl\/wp-json\/wp\/v2\/comments?post=4484"}],"version-history":[{"count":1,"href":"https:\/\/www.ptc.cz\/pl\/wp-json\/wp\/v2\/posts\/4484\/revisions"}],"predecessor-version":[{"id":4486,"href":"https:\/\/www.ptc.cz\/pl\/wp-json\/wp\/v2\/posts\/4484\/revisions\/4486"}],"wp:featuredmedia":[{"embeddable":true,"href":"https:\/\/www.ptc.cz\/pl\/wp-json\/wp\/v2\/media\/4485"}],"wp:attachment":[{"href":"https:\/\/www.ptc.cz\/pl\/wp-json\/wp\/v2\/media?parent=4484"}],"wp:term":[{"taxonomy":"category","embeddable":true,"href":"https:\/\/www.ptc.cz\/pl\/wp-json\/wp\/v2\/categories?post=4484"},{"taxonomy":"post_tag","embeddable":true,"href":"https:\/\/www.ptc.cz\/pl\/wp-json\/wp\/v2\/tags?post=4484"}],"curies":[{"name":"wp","href":"https:\/\/api.w.org\/{rel}","templated":true}]}}