{"id":4519,"date":"2024-06-19T14:28:02","date_gmt":"2024-06-19T12:28:02","guid":{"rendered":"https:\/\/www.ptc.cz\/?p=4519"},"modified":"2024-06-19T14:28:02","modified_gmt":"2024-06-19T12:28:02","slug":"rak-narzadow-glowy-i-szyi-jakie-sa-objawy","status":"publish","type":"post","link":"https:\/\/www.ptc.cz\/pl\/blog\/rak-narzadow-glowy-i-szyi-jakie-sa-objawy\/","title":{"rendered":"Rak narz\u0105d\u00f3w g\u0142owy i&nbsp;szyi: jakie s\u0105 objawy?"},"content":{"rendered":"<p>Rak narz\u0105d\u00f3w g\u0142owy i&nbsp;szyi mo\u017ce nie jest najcz\u0119strz\u0105 chorob\u0105 nowotworow\u0105, ale to nie znaczy, \u017ce jest mniej wa\u017cny.<\/p>\n<div class=\"row\">\n<div class=\"col\">\n<p>Problem w tym, \u017ce wielu pacjent\u00f3w podcenia wyst\u0119puj\u0105ce objawy choroby i&nbsp;do lekarza dostan\u0105 sie a\u017c w chwili, gdy choroba jest ju\u017c na&nbsp;zaawansowanym stadium.<\/p>\n<h2>Specyfikacja narz\u0105d\u00f3w g\u0142owy i&nbsp;szyi<\/h2>\n<p>Narz\u0105d\u00f3w, kt\u00f3re znajduj\u0105 si\u0119 w okolicy g\u0142owy i&nbsp;szyi nie jest wcale ma\u0142o. Pod&nbsp;tym nazwem kryj\u0105 si\u0119 uk\u0142ad oddechowy i&nbsp;pokarmowy, jama ustna i&nbsp;nos, krta\u0144 i&nbsp;prze\u0142yk, \u015blinianki i&nbsp;narz\u0105dy s\u0142uchu i&nbsp;oczy. Obszar ten obejmuje r\u00f3wnie\u017c guzy sk\u00f3ry g\u0142owy i&nbsp;szyi. Z&nbsp;powodu do\u015b\u0107 bliskiego umieszczenia wa\u017cnych narz\u0105d\u00f3w i&nbsp;cent\u00f3w zmys\u0142\u00f3w jest bardziej ni\u017c wa\u017cne, aby leczenie tych nowotwor\u00f3w by\u0142o co najdelikatniejsze i&nbsp;bardzo dok\u0142adne.Protonowa terapia jest do tych cel\u00f3w jak stowrzona. Dok\u0142adno\u015b\u0107 skierowania wi\u0105zki o\u0142\u00f3wkowej jest tak doskona\u0142a, \u017ce w por\u00f3wnaniu ze zastosowaniem konwencjonalnej fotonowej terapii zni\u017ca ryzyko napromieniowania zdrowych tkanek w tym rdzenia kr\u0119gowego a\u017c o&nbsp;80%.<\/p>\n<h2>Kto mo\u017ce zachorowa\u0107 i&nbsp;jakie s\u0105 faktory ryzyka<\/h2>\n<p>Na&nbsp;<a href=\"https:\/\/www.ptc.cz\/pl\/leczenie-raka\/glowa-i-szyja\/?backlink=4t7ho\">raka narz\u0105d\u00f3w g\u0142owy i&nbsp;szyi<\/a> choruj\u0105 cz\u0119\u015bciej m\u0119\u017cczy\u017ani, ni\u017c kobiety przy czym wi\u0119kszo\u015b\u0107 pacjent\u00f3w (60&nbsp;%) ma powy\u017cej 65 lat. Du\u017cy wp\u0142yw na&nbsp;powstanie raka ma w tym przypadku styl \u017cycia danej osoby, oraz z&nbsp;jej \u015brodowisko. Najwi\u0119kszym faktorem ryzyka jest palenie, jak papieros\u00f3w tak i&nbsp;fajki, do ko\u0144ca i&nbsp;\u017cucie tytoniu. Na&nbsp;drugim miejscu jest kosumacja alkoholu. Zupe\u0142nie najgorsze jest po\u0142\u0105czenie obu wy\u017cej wzmienionych na\u0142og\u00f3w. Innymi faktorami ryzyka, przyczyniaj\u0105cymi si\u0119 do rozwoju raka s\u0105:<\/p>\n<ul>\n<li>d\u0142udotrwa\u0142e i&nbsp;cz\u0119ste opalanie si\u0119 bez u\u017cycia kremu ochronnego,<\/li>\n<li>zaka\u017cenie wirusem HPV przenoszonym drog\u0105 p\u0142ciow\u0105 (wirus brodawczaka ludzkiego),<\/li>\n<li>Zaka\u017ana mononukleoza,<\/li>\n<li>Z\u0142a higiena jamy ustnej,<\/li>\n<li>Dziedziczno\u015b\u0107<\/li>\n<li>Niedo\u017cywienie lub z\u0142e od\u017cywianie<\/li>\n<li>kontakt z&nbsp;czynnikami rakotw\u00f3rczymi, na&nbsp;przyk\u0142ad w miejscu pracy (nikiel, chrom, o\u0142\u00f3w, azbest, fluor, arsen, w\u0119glowodory w sadzy i&nbsp;w smole oraz oleje przemys\u0142owe).<\/li>\n<\/ul>\n<h2>Kiedy powinni\u015bcie i\u015b\u0107 do lekarza?<\/h2>\n<p>Podobnie jak w przypadku innych typ\u00f3w raka i&nbsp;tutaj stosuje si\u0119 zasad\u0119, \u017ce im wcze\u015bniej choroba zostanie wykryta, tym s\u0105 wi\u0119ksze szanse na&nbsp;ca\u0142kowite wyleczenie. Dlatego nie b\u00f3jcie si\u0119 skonsultowa\u0107 z&nbsp;lekarzem, je\u015bli wyst\u0105pi kt\u00f3rykolwiek z&nbsp;towarzysz\u0105cych objaw\u00f3w:<\/p>\n<p><strong>Nowotwory jamy ustnej<\/strong> zwykle objawiaj\u0105 si\u0119 uporczywymi bolesnymi owrzodzeniami, a&nbsp;nawet guzkiem w jamie ustnej.<\/p>\n<p><strong>Nowotwory prze\u0142ykowe<\/strong> ich nast\u0119pstwa to uczucie cudzych cia\u0142 w gardle, pogoszenie czy te\u017c bolesne prze\u0142ykanie, czasami krwawienie.<\/p>\n<p>Rak <strong> strun g\u0142osowych<\/strong> objawia si\u0119 jako chrypka<\/p>\n<p><strong>Nowotwory nosu<\/strong> mog\u0105 si\u0119 objawia\u0107 gorsz\u0105 dro\u017cno\u015bci\u0105, ale tak\u017ce cz\u0119st\u0105 wydzielin\u0105 z&nbsp;domieszk\u0105 krwi lub strat\u0105 w\u0119chu. W przypadku nowotworu te objawy pojawiaj\u0105 si\u0119 cz\u0119sto tylko z&nbsp;jednej strony nosa.<\/p>\n<p><strong>Rak \u015blinianek<\/strong> na&nbsp;pocz\u0105tku mo\u017ce wyst\u0119powa\u0107 jako bezbolesna opuchlizna. W miar\u0119 zwi\u0119kszania sie guza stopniowo narasta i&nbsp;b\u00f3l, cz\u0119sto te\u017c dochodzi do zesztywnienia policzk\u00f3w, strtaty wra\u017cliwo\u015bci na&nbsp;dotyk, albo zni\u017cenie k\u0105tk\u00f3w ust.<\/p>\n<p><strong>Nowotw\u00f3r ucha<\/strong> objawia si\u0119 d\u0142ugoterminowym wyciekiem z\u202fucha, kt\u00f3ry cz\u0119sto zawiera krew. Do innych objew\u00f3w nale\u017cy b\u00f3l ucha, niedos\u0142yszalno\u015b\u0107 albo zawroty g\u0142owy.<\/p>\n<\/div>\n<\/div>\n","protected":false},"excerpt":{"rendered":"<p>Rak narz\u0105d\u00f3w g\u0142owy i&nbsp;szyi mo\u017ce nie jest najcz\u0119strz\u0105 chorob\u0105 nowotworow\u0105, ale to nie znaczy, \u017ce jest mniej wa\u017cny. Problem w tym, \u017ce wielu pacjent\u00f3w podcenia wyst\u0119puj\u0105ce objawy choroby i&nbsp;do lekarza dostan\u0105 sie a\u017c w chwili, gdy choroba jest ju\u017c na&nbsp;zaawansowanym stadium. Specyfikacja narz\u0105d\u00f3w g\u0142owy i&nbsp;szyi Narz\u0105d\u00f3w, kt\u00f3re znajduj\u0105 si\u0119 w okolicy g\u0142owy i&nbsp;szyi nie jest&#8230;<\/p>\n","protected":false},"author":9,"featured_media":4291,"comment_status":"open","ping_status":"open","sticky":false,"template":"","format":"standard","meta":{"footnotes":""},"categories":[27],"tags":[],"class_list":["post-4519","post","type-post","status-publish","format-standard","has-post-thumbnail","hentry","category-blog"],"acf":[],"aioseo_notices":[],"_links":{"self":[{"href":"https:\/\/www.ptc.cz\/pl\/wp-json\/wp\/v2\/posts\/4519","targetHints":{"allow":["GET"]}}],"collection":[{"href":"https:\/\/www.ptc.cz\/pl\/wp-json\/wp\/v2\/posts"}],"about":[{"href":"https:\/\/www.ptc.cz\/pl\/wp-json\/wp\/v2\/types\/post"}],"author":[{"embeddable":true,"href":"https:\/\/www.ptc.cz\/pl\/wp-json\/wp\/v2\/users\/9"}],"replies":[{"embeddable":true,"href":"https:\/\/www.ptc.cz\/pl\/wp-json\/wp\/v2\/comments?post=4519"}],"version-history":[{"count":1,"href":"https:\/\/www.ptc.cz\/pl\/wp-json\/wp\/v2\/posts\/4519\/revisions"}],"predecessor-version":[{"id":4520,"href":"https:\/\/www.ptc.cz\/pl\/wp-json\/wp\/v2\/posts\/4519\/revisions\/4520"}],"wp:featuredmedia":[{"embeddable":true,"href":"https:\/\/www.ptc.cz\/pl\/wp-json\/wp\/v2\/media\/4291"}],"wp:attachment":[{"href":"https:\/\/www.ptc.cz\/pl\/wp-json\/wp\/v2\/media?parent=4519"}],"wp:term":[{"taxonomy":"category","embeddable":true,"href":"https:\/\/www.ptc.cz\/pl\/wp-json\/wp\/v2\/categories?post=4519"},{"taxonomy":"post_tag","embeddable":true,"href":"https:\/\/www.ptc.cz\/pl\/wp-json\/wp\/v2\/tags?post=4519"}],"curies":[{"name":"wp","href":"https:\/\/api.w.org\/{rel}","templated":true}]}}