{"id":4526,"date":"2024-06-19T14:30:37","date_gmt":"2024-06-19T12:30:37","guid":{"rendered":"https:\/\/www.ptc.cz\/?p=4526"},"modified":"2024-06-19T14:30:37","modified_gmt":"2024-06-19T12:30:37","slug":"objawy-raka-pluc-i-jego-czynniki-ryzyka","status":"publish","type":"post","link":"https:\/\/www.ptc.cz\/pl\/blog\/objawy-raka-pluc-i-jego-czynniki-ryzyka\/","title":{"rendered":"Objawy raka p\u0142uc i&nbsp;jego czynniki ryzyka"},"content":{"rendered":"<p>Rak p\u0142uc jest jednym z&nbsp;najbardziej podst\u0119pnych rodzaj\u00f3w raka, nie tylko dlatego, \u017ce nie dotyczy tylko palaczy.<\/p>\n<div class=\"row\">\n<div class=\"col\">\n<p>Jego najwi\u0119kszym podst\u0119pem jest to, \u017ce cz\u0119sto przebiega bezobjawowo, a&nbsp;to a\u017c do czasu gdy go bardzo trudno wyleczy\u0107. <a href=\"https:\/\/www.ptc.cz\/pl\/leczenie-raka\/pluca\/?backlink=4t7ho\">Rak p\u0142uc<\/a> wyst\u0119puje cz\u0119\u015bciej u&nbsp;m\u0119\u017cczyzn, kt\u00f3rzy stanowi\u0105 a\u017c 80% pacjent\u00f3w. Jednak w ostatnim czasie wzros\u0142a r\u00f3wnie\u017c ilo\u015b\u0107 kobiet, u&nbsp;kt\u00f3rych zdiagnozowano raka p\u0142uc, wi\u0119c niewykluczone, \u017ce w przysz\u0142o\u015bci ten stosunek ulegnie zmianie. Ryzyko choroby ponownie wzrasta wraz z&nbsp;wiekiem, najcz\u0119\u015bciej wyst\u0119puje mi\u0119dzy 60 a&nbsp;70 rokiem \u017cycia.<\/p>\n<h2>Jakie s\u0105 objawy raka p\u0142uc<\/h2>\n<p>Jak wspomniano powy\u017cej, rak p\u0142uc na&nbsp;pocz\u0105tku w og\u00f3le si\u0119 nie objawia i&nbsp;nawet nie boli. Dlatego tak trudno jest odkry\u0107 chorob\u0119 w jej wczesnych stadiach, w czasie gdy wci\u0105\u017c istnieje stosunkowo du\u017ca szansa na&nbsp;ca\u0142kowite wyleczenie. Jednak cz\u0119sto zdarza si\u0119, \u017ce pacjent nie przywi\u0105zuje wystarczaj\u0105cej wagi do pierwszych objaw\u00f3w lub przypisuje je og\u00f3lnej kondycji fizycznej lub wiekowi. W\u015br\u00f3d tych objaw\u00f3w jest mi\u0119dzy innymi kaszel, zw\u0142aszcza d\u0142ugotrwa\u0142y. Powiniene\u015b jednak by\u0107 r\u00f3wnie\u017c \u015bwiadomy, je\u015bli tw\u00f3j kaszel si\u0119 zmienia (na&nbsp;przyk\u0142ad, je\u015bli wcze\u015bniej kaszla\u0142e\u015b z&nbsp;odkrztuszaniem \u015bluzu, ale teraz jest to bardziej dra\u017cni\u0105cy kaszel). Pami\u0119taj, aby nie op\u00f3\u017ania\u0107 wizyty lekarskiej, je\u015bli zaczniesz kaszle\u0107 krwi\u0105 lub je\u015bli krew pojawi si\u0119 w wykrztuszonym \u015bluzie. B\u00f3l w klatce piersiowej nie mo\u017cna uwa\u017ca\u0107 za normalny.<\/p>\n<h2>Ponadto mog\u0105 wyst\u0105pi\u0107 nast\u0119puj\u0105ce symptomy:<\/h2>\n<ul>\n<li>Duszno\u015b\u0107 podczas wysi\u0142ku lub zadyszenie si\u0119 (zg\u0142aszane przez 78% pacjent\u00f3w),<\/li>\n<li>b\u00f3l plec\u00f3w lub ramion (40% pacjent\u00f3w),<\/li>\n<li>cz\u0119ste zapalenie oskrzeli lub zapalenie p\u0142uc<\/li>\n<li>utrata masy cia\u0142a,<\/li>\n<li>trudno\u015bci z&nbsp;po\u0142ykaniem,<\/li>\n<li>chrypka,<\/li>\n<li>obrz\u0119k szyi i&nbsp;twarzy (zesp\u00f3\u0142 \u017cy\u0142y g\u0142\u00f3wnej g\u00f3rnej),<\/li>\n<li>zaburzenia neurologiczne.<\/li>\n<\/ul>\n<h2>Przyczyny raka p\u0142uc i&nbsp;jego czynniki ryzyka<\/h2>\n<p>Najbardziej ryzykownym czynnikiem w rozwoju raka p\u0142uc jest palenie. Dlatego cz\u0119sto\u015b\u0107 rozpoznawania raka p\u0142uc gwa\u0142townie wzros\u0142a na&nbsp;pocz\u0105tku XX wieku, kiedy na&nbsp;rynku pojawi\u0142y si\u0119 pierwsze papierosy pakowane przemys\u0142owo. Statystyki pokazuj\u0105, \u017ce oko\u0142o po\u0142owa pacjent\u00f3w z&nbsp;rakiem p\u0142uc w przesz\u0142o\u015bci pali\u0142a. Ryzyko wzrasta wraz z&nbsp;ca\u0142kowit\u0105 liczb\u0105 wypalanych papieros\u00f3w. Zagro\u017ceniem jest r\u00f3wnie\u017c bierne palenie, czyli wdychanie z&nbsp;otoczenia dymu papierosowego.<\/p>\n<h2>Inne czynniki ryzyka to:<\/h2>\n<ul>\n<li>dziedziczenie,<\/li>\n<li>kontakt z&nbsp;azbestem lub radonem,<\/li>\n<li>silne zanieczyszczenie powietrza,<\/li>\n<li>niekt\u00f3re produkty spalania,<\/li>\n<li>niekt\u00f3re toksyczne gazy i&nbsp;metale.<\/li>\n<\/ul>\n<\/div>\n<\/div>\n","protected":false},"excerpt":{"rendered":"<p>Rak p\u0142uc jest jednym z&nbsp;najbardziej podst\u0119pnych rodzaj\u00f3w raka, nie tylko dlatego, \u017ce nie dotyczy tylko palaczy. Jego najwi\u0119kszym podst\u0119pem jest to, \u017ce cz\u0119sto przebiega bezobjawowo, a&nbsp;to a\u017c do czasu gdy go bardzo trudno wyleczy\u0107. Rak p\u0142uc wyst\u0119puje cz\u0119\u015bciej u&nbsp;m\u0119\u017cczyzn, kt\u00f3rzy stanowi\u0105 a\u017c 80% pacjent\u00f3w. Jednak w ostatnim czasie wzros\u0142a r\u00f3wnie\u017c ilo\u015b\u0107 kobiet, u&nbsp;kt\u00f3rych zdiagnozowano raka&#8230;<\/p>\n","protected":false},"author":9,"featured_media":4134,"comment_status":"open","ping_status":"open","sticky":false,"template":"","format":"standard","meta":{"footnotes":""},"categories":[27],"tags":[],"class_list":["post-4526","post","type-post","status-publish","format-standard","has-post-thumbnail","hentry","category-blog"],"acf":[],"aioseo_notices":[],"_links":{"self":[{"href":"https:\/\/www.ptc.cz\/pl\/wp-json\/wp\/v2\/posts\/4526","targetHints":{"allow":["GET"]}}],"collection":[{"href":"https:\/\/www.ptc.cz\/pl\/wp-json\/wp\/v2\/posts"}],"about":[{"href":"https:\/\/www.ptc.cz\/pl\/wp-json\/wp\/v2\/types\/post"}],"author":[{"embeddable":true,"href":"https:\/\/www.ptc.cz\/pl\/wp-json\/wp\/v2\/users\/9"}],"replies":[{"embeddable":true,"href":"https:\/\/www.ptc.cz\/pl\/wp-json\/wp\/v2\/comments?post=4526"}],"version-history":[{"count":1,"href":"https:\/\/www.ptc.cz\/pl\/wp-json\/wp\/v2\/posts\/4526\/revisions"}],"predecessor-version":[{"id":4527,"href":"https:\/\/www.ptc.cz\/pl\/wp-json\/wp\/v2\/posts\/4526\/revisions\/4527"}],"wp:featuredmedia":[{"embeddable":true,"href":"https:\/\/www.ptc.cz\/pl\/wp-json\/wp\/v2\/media\/4134"}],"wp:attachment":[{"href":"https:\/\/www.ptc.cz\/pl\/wp-json\/wp\/v2\/media?parent=4526"}],"wp:term":[{"taxonomy":"category","embeddable":true,"href":"https:\/\/www.ptc.cz\/pl\/wp-json\/wp\/v2\/categories?post=4526"},{"taxonomy":"post_tag","embeddable":true,"href":"https:\/\/www.ptc.cz\/pl\/wp-json\/wp\/v2\/tags?post=4526"}],"curies":[{"name":"wp","href":"https:\/\/api.w.org\/{rel}","templated":true}]}}