{"id":4528,"date":"2024-06-19T14:31:41","date_gmt":"2024-06-19T12:31:41","guid":{"rendered":"https:\/\/www.ptc.cz\/?p=4528"},"modified":"2024-06-19T14:31:41","modified_gmt":"2024-06-19T12:31:41","slug":"guzy-mozgu-jak-sie-objawiaja-dlaczego-powstaja-i-jak-sa-leczone","status":"publish","type":"post","link":"https:\/\/www.ptc.cz\/pl\/blog\/guzy-mozgu-jak-sie-objawiaja-dlaczego-powstaja-i-jak-sa-leczone\/","title":{"rendered":"Guzy m\u00f3zgu: jak si\u0119 objawiaj\u0105, dlaczego powstaj\u0105 i&nbsp;jak s\u0105 leczone"},"content":{"rendered":"<p>Guzy m\u00f3zgu, czasami b\u0142\u0119dnie nazywane rakiem m\u00f3zgu diagnozowane s\u0105 corocznie u&nbsp;oko\u0142o 700-800 pacjent\u00f3w w Polsce.<\/p>\n<div class=\"row\">\n<div class=\"col\">\n<p>Stanowi\u0105 oko\u0142o 1,5% wszystkich nowotwor\u00f3w. Guzy m\u00f3zgu s\u0105 nieco cz\u0119stsze u&nbsp;m\u0119\u017cczyzn. Ze wzgl\u0119du na&nbsp;wiek choroba wyst\u0119puje cz\u0119\u015bciej w dw\u00f3ch grupach: dzieci poni\u017cej 5 roku \u017cycia, a&nbsp;nast\u0119pnie u&nbsp;doros\u0142ych powy\u017cej 60 lat. Istnieje kilka rodzaj\u00f3w guz\u00f3w m\u00f3zgu &#8211; mi\u0119dzy innymi:<\/p>\n<ul>\n<li>glejaki (utworzone z&nbsp;kom\u00f3rek podpieraj\u0105cej tkanki m\u00f3zgowej),<\/li>\n<li>oponiaki (z&nbsp;kom\u00f3rek kory m\u00f3zgowej),<\/li>\n<li>nerwiaki (guzy nerw\u00f3w m\u00f3zgowo-rdzeniowych),<\/li>\n<li>rdzeniaki (wyst\u0119puj\u0105 g\u0142\u00f3wnie u&nbsp;dzieci i&nbsp;mog\u0105 rozprzestrzenia\u0107 si\u0119 przez p\u0142yn m\u00f3zgowo-rdzeniowy)<\/li>\n<li>i wiele wi\u0119cej.<\/li>\n<\/ul>\n<h2>Jakie s\u0105 czynniki ryzyka guz\u00f3w m\u00f3zgu<\/h2>\n<p>Podobnie jak w przypadku innych nowotwor\u00f3w, nie ma dok\u0142adnie odwzorowanej pe\u0142nej listy mo\u017cliwych czynnik\u00f3w powoduj\u0105cych guzy m\u00f3zgu. Pewne jest jednak to, \u017ce wa\u017cn\u0105 rol\u0119 odgrywa dziedziczno\u015b\u0107 (oko\u0142o 5% wszystkich guz\u00f3w m\u00f3zgu jest uwarunkowanych genetycznie), a&nbsp;negatywny wp\u0142yw ma r\u00f3wnie\u017c dzia\u0142anie promieniowania radioaktywnego, niekt\u00f3rych chemikali\u00f3w czy wirus\u00f3w.<\/p>\n<h2>Objawy guz\u00f3w m\u00f3zgu<\/h2>\n<p>Objawy guza m\u00f3zgu r\u00f3\u017cni\u0105 si\u0119 w zale\u017cno\u015bci od tego, gdzie si\u0119 dok\u0142adnie znajduje i&nbsp;na&nbsp;jakie o\u015brodki naciska. Je\u015bli jednak zauwa\u017cysz kt\u00f3rykolwiek z&nbsp;poni\u017cszych objaw\u00f3w, nie wahaj odwiedzi\u0107 swojego lekarza rodzinnego:<\/p>\n<ul>\n<li>nietypowe b\u00f3le g\u0142owy, kt\u00f3re nasilaj\u0105 si\u0119 szczeg\u00f3lnie po przebudzeniu,<\/li>\n<li>nowe napady padaczkowe<\/li>\n<li>nag\u0142e wymioty, szczeg\u00f3lnie rano i&nbsp;bez wcze\u015bniejszych nudno\u015bci,<\/li>\n<li>podw\u00f3jne lub niewyra\u017ane widzenie lub nawet nag\u0142e pogorszenie widzenia,<\/li>\n<li>pogorszenie w\u0119chu lub s\u0142uchu,<\/li>\n<li>problemy z&nbsp;m\u00f3wieniem, nag\u0142e j\u0105kanie si\u0119,<\/li>\n<li>problemy motoryczne, dr\u017cenie r\u0105k,<\/li>\n<li>os\u0142abienie intelektualne, utrata pami\u0119ci, upo\u015bledzenie zdolno\u015bci liczenia,<\/li>\n<li>zmylenie si\u0119, dezorientacja i&nbsp;inne nag\u0142e zmiany w osobowo\u015bci i&nbsp;zachowaniu.<\/li>\n<\/ul>\n<h2>Korzy\u015bci z&nbsp;terapii protonowej w leczeniu guz\u00f3w m\u00f3zgu<\/h2>\n<p>Radioterapia protonowa ma ogromn\u0105 przewag\u0119 nad&nbsp;konwencjonalnym napromienianiem fotonowym, poniewa\u017c dzi\u0119ki dok\u0142adno\u015bci skierowania wi\u0105zki proton\u00f3w w znacz\u0105cy spos\u00f3b eliminuje skutki uboczne leczenia, a&nbsp;tak\u017ce zagro\u017cenia zwi\u0105zane z&nbsp;uszkodzeniem wzroku, s\u0142uchu czy sprawno\u015bci intelektualnej.<\/p>\n<\/div>\n<\/div>\n","protected":false},"excerpt":{"rendered":"<p>Guzy m\u00f3zgu, czasami b\u0142\u0119dnie nazywane rakiem m\u00f3zgu diagnozowane s\u0105 corocznie u&nbsp;oko\u0142o 700-800 pacjent\u00f3w w Polsce. Stanowi\u0105 oko\u0142o 1,5% wszystkich nowotwor\u00f3w. Guzy m\u00f3zgu s\u0105 nieco cz\u0119stsze u&nbsp;m\u0119\u017cczyzn. Ze wzgl\u0119du na&nbsp;wiek choroba wyst\u0119puje cz\u0119\u015bciej w dw\u00f3ch grupach: dzieci poni\u017cej 5 roku \u017cycia, a&nbsp;nast\u0119pnie u&nbsp;doros\u0142ych powy\u017cej 60 lat. Istnieje kilka rodzaj\u00f3w guz\u00f3w m\u00f3zgu &#8211; mi\u0119dzy innymi: glejaki (utworzone&#8230;<\/p>\n","protected":false},"author":9,"featured_media":4529,"comment_status":"open","ping_status":"open","sticky":false,"template":"","format":"standard","meta":{"footnotes":""},"categories":[27],"tags":[],"class_list":["post-4528","post","type-post","status-publish","format-standard","has-post-thumbnail","hentry","category-blog"],"acf":[],"aioseo_notices":[],"_links":{"self":[{"href":"https:\/\/www.ptc.cz\/pl\/wp-json\/wp\/v2\/posts\/4528","targetHints":{"allow":["GET"]}}],"collection":[{"href":"https:\/\/www.ptc.cz\/pl\/wp-json\/wp\/v2\/posts"}],"about":[{"href":"https:\/\/www.ptc.cz\/pl\/wp-json\/wp\/v2\/types\/post"}],"author":[{"embeddable":true,"href":"https:\/\/www.ptc.cz\/pl\/wp-json\/wp\/v2\/users\/9"}],"replies":[{"embeddable":true,"href":"https:\/\/www.ptc.cz\/pl\/wp-json\/wp\/v2\/comments?post=4528"}],"version-history":[{"count":1,"href":"https:\/\/www.ptc.cz\/pl\/wp-json\/wp\/v2\/posts\/4528\/revisions"}],"predecessor-version":[{"id":4530,"href":"https:\/\/www.ptc.cz\/pl\/wp-json\/wp\/v2\/posts\/4528\/revisions\/4530"}],"wp:featuredmedia":[{"embeddable":true,"href":"https:\/\/www.ptc.cz\/pl\/wp-json\/wp\/v2\/media\/4529"}],"wp:attachment":[{"href":"https:\/\/www.ptc.cz\/pl\/wp-json\/wp\/v2\/media?parent=4528"}],"wp:term":[{"taxonomy":"category","embeddable":true,"href":"https:\/\/www.ptc.cz\/pl\/wp-json\/wp\/v2\/categories?post=4528"},{"taxonomy":"post_tag","embeddable":true,"href":"https:\/\/www.ptc.cz\/pl\/wp-json\/wp\/v2\/tags?post=4528"}],"curies":[{"name":"wp","href":"https:\/\/api.w.org\/{rel}","templated":true}]}}