{"id":4536,"date":"2024-06-19T14:34:12","date_gmt":"2024-06-19T12:34:12","guid":{"rendered":"https:\/\/www.ptc.cz\/?p=4536"},"modified":"2024-06-19T14:34:12","modified_gmt":"2024-06-19T12:34:12","slug":"rak-piersi-u-mezczyzn","status":"publish","type":"post","link":"https:\/\/www.ptc.cz\/pl\/blog\/rak-piersi-u-mezczyzn\/","title":{"rendered":"Rak piersi u&nbsp;m\u0119\u017cczyzn"},"content":{"rendered":"<p>Chocia\u017c rak piersi nie jest najcz\u0119stszym typem raka u&nbsp;m\u0119\u017cczyzn, jest o&nbsp;to bardziej podst\u0119pny. Zbyt cz\u0119sto jest niedoceniany lub wr\u0119cz bagatelizowany, a&nbsp;pacjenci nie dostan\u0105 si\u0119 do lekarza, dop\u00f3ki sytuacja nie jest powa\u017cna.<\/p>\n<div class=\"row\">\n<div class=\"col\">\n<p>Co roku w Polsce raka piersi diagnozuje si\u0119 u&nbsp;oko\u0142o 60 m\u0119\u017cczyzn, a&nbsp;co pi\u0105ty z&nbsp;nich tej chorobie podlegnie. Smutna statystyka to efekt ju\u017c wspomnianej zap\u00f3\u017anej konsultacji lekarskiej i&nbsp;prawdopodobnie braku o\u015bwiecenia w\u015br\u00f3d populacji m\u0119skiej.<\/p>\n<h2>Czynniki ryzyka<\/h2>\n<p>Podobnie jak u&nbsp;kobiet, tak i&nbsp;u&nbsp;m\u0119\u017cczyzn przyczyny raka piersi s\u0105 nadal badane. Jednak znane s\u0105 czynniki ryzyka, kt\u00f3re mog\u0105 dzia\u0142a\u0107 jako faktory powoduj\u0105ce t\u0105 chorob\u0119. S\u0105 to w szczeg\u00f3lno\u015bci:<\/p>\n<ul>\n<li>Wiek &#8211; ryzyko raka piersi u&nbsp;m\u0119\u017cczyzn wzrasta wraz z&nbsp;wiekiem. Najbardziej ogro\u017con\u0105 grup\u0105 s\u0105 m\u0119\u017cczy\u017ani w wieku od 60 do 80 lat. R\u00f3wnie\u017c mog\u0105 zachorowa\u0107 nawet znacznie m\u0142odsi m\u0119\u017cczy\u017ani.<\/li>\n<li>Genetyka &#8211; m\u0119\u017cczy\u017ani, kt\u00f3rych krewni mieli raka piersi, s\u0105 kilkakrotnie bardziej zagro\u017ceni. Szczeg\u00f3lnie problematyczna jest tutaj dziedziczna mutacja genetyczna BRCA 2, kt\u00f3ra nawet 80-krotnie zwi\u0119ksza ryzyko raka u&nbsp;m\u0119\u017cczyzn. (Mutacja BRCA 1 jest r\u00f3wnie\u017c niebezpieczna dla kobiet).<\/li>\n<li>Wysoki poziom estrogenu we krwi, zwi\u0105zany z&nbsp;oty\u0142o\u015bci\u0105, marsko\u015bci\u0105 w\u0105troby, chorobami tarczycy, zespo\u0142em Klienefertera i&nbsp;podobnymi problemami.<\/li>\n<li>nara\u017cenie na&nbsp;promieniowanie &#8211; ryzyko wzrasta u&nbsp;m\u0119\u017cczyzn, kt\u00f3rzy przeszli napromienianie w ramach leczenia innych narz\u0105d\u00f3w klatki piersiowej.<\/li>\n<\/ul>\n<h2>Jak rak piersi objawia si\u0119 u&nbsp;m\u0119\u017cczyzn<\/h2>\n<p>Rak piersi u&nbsp;m\u0119\u017cczyzn objawia si\u0119 zwykle jako twardszy, wyczuwalny guzek w bezpo\u015brednim s\u0105siedztwie brodawki lub r\u00f3wnie\u017c pod&nbsp;pach\u0105, gdzie zlokalizowane s\u0105 miejscowe w\u0119z\u0142y ch\u0142onne. Ponadto mog\u0105 pojawi\u0107 si\u0119 zmiany na&nbsp;sk\u00f3rze, odwr\u00f3cenie si\u0119 lub marszczenie brodawki, a&nbsp;tak\u017ce wyciekanie z\u202fbrodawki wydzieliny, kt\u00f3ra jest zwykle mleczno m\u0119tna i&nbsp;cz\u0119sto z&nbsp;domieszk\u0105 krwi. Niestety, wi\u0119kszo\u015b\u0107 m\u0119\u017cczyzn nie decyduje si\u0119 na&nbsp;wizyt\u0119 u&nbsp;lekarza, dop\u00f3ki nie maj\u0105 wspomnianego wycieku z&nbsp;brodawki. Wtedy ju\u017c jednak choroba ta jest rozszerzona na&nbsp;w\u0119z\u0142y ch\u0142onne i&nbsp;dlatego te\u017c trudniej j\u0105 ca\u0142kowicie wyleczy\u0107.<\/p>\n<h2>Zapobieganie i&nbsp;zmiana podej\u015bcia<\/h2>\n<p>Nie ignoruj \u200b\u200bsygna\u0142\u00f3w swojego cia\u0142a, a&nbsp;je\u015bli poczujesz niezwyk\u0142y guzek w piersi, nie lekcewa\u017c sytuacji i&nbsp;udaj si\u0119 do lekarza. Pami\u0119taj, \u017ce im wcze\u015bniej choroba zostanie zdiagnozowana, tym s\u0105 wi\u0119ksze szanse na&nbsp;ca\u0142kowite wyleczenie i&nbsp;powr\u00f3t do normalnego \u017cycia.<\/p>\n<\/div>\n<\/div>\n","protected":false},"excerpt":{"rendered":"<p>Chocia\u017c rak piersi nie jest najcz\u0119stszym typem raka u&nbsp;m\u0119\u017cczyzn, jest o&nbsp;to bardziej podst\u0119pny. Zbyt cz\u0119sto jest niedoceniany lub wr\u0119cz bagatelizowany, a&nbsp;pacjenci nie dostan\u0105 si\u0119 do lekarza, dop\u00f3ki sytuacja nie jest powa\u017cna. Co roku w Polsce raka piersi diagnozuje si\u0119 u&nbsp;oko\u0142o 60 m\u0119\u017cczyzn, a&nbsp;co pi\u0105ty z&nbsp;nich tej chorobie podlegnie. Smutna statystyka to efekt ju\u017c wspomnianej zap\u00f3\u017anej&#8230;<\/p>\n","protected":false},"author":9,"featured_media":4288,"comment_status":"open","ping_status":"open","sticky":false,"template":"","format":"standard","meta":{"footnotes":""},"categories":[27],"tags":[],"class_list":["post-4536","post","type-post","status-publish","format-standard","has-post-thumbnail","hentry","category-blog"],"acf":[],"aioseo_notices":[],"_links":{"self":[{"href":"https:\/\/www.ptc.cz\/pl\/wp-json\/wp\/v2\/posts\/4536","targetHints":{"allow":["GET"]}}],"collection":[{"href":"https:\/\/www.ptc.cz\/pl\/wp-json\/wp\/v2\/posts"}],"about":[{"href":"https:\/\/www.ptc.cz\/pl\/wp-json\/wp\/v2\/types\/post"}],"author":[{"embeddable":true,"href":"https:\/\/www.ptc.cz\/pl\/wp-json\/wp\/v2\/users\/9"}],"replies":[{"embeddable":true,"href":"https:\/\/www.ptc.cz\/pl\/wp-json\/wp\/v2\/comments?post=4536"}],"version-history":[{"count":1,"href":"https:\/\/www.ptc.cz\/pl\/wp-json\/wp\/v2\/posts\/4536\/revisions"}],"predecessor-version":[{"id":4537,"href":"https:\/\/www.ptc.cz\/pl\/wp-json\/wp\/v2\/posts\/4536\/revisions\/4537"}],"wp:featuredmedia":[{"embeddable":true,"href":"https:\/\/www.ptc.cz\/pl\/wp-json\/wp\/v2\/media\/4288"}],"wp:attachment":[{"href":"https:\/\/www.ptc.cz\/pl\/wp-json\/wp\/v2\/media?parent=4536"}],"wp:term":[{"taxonomy":"category","embeddable":true,"href":"https:\/\/www.ptc.cz\/pl\/wp-json\/wp\/v2\/categories?post=4536"},{"taxonomy":"post_tag","embeddable":true,"href":"https:\/\/www.ptc.cz\/pl\/wp-json\/wp\/v2\/tags?post=4536"}],"curies":[{"name":"wp","href":"https:\/\/api.w.org\/{rel}","templated":true}]}}