{"id":4596,"date":"2024-06-20T15:07:19","date_gmt":"2024-06-20T13:07:19","guid":{"rendered":"https:\/\/www.ptc.cz\/?p=4596"},"modified":"2024-06-20T15:10:56","modified_gmt":"2024-06-20T13:10:56","slug":"vladimir","status":"publish","type":"post","link":"https:\/\/www.ptc.cz\/pl\/historie-pacjentow\/vladimir\/","title":{"rendered":"Vladim\u00edr"},"content":{"rendered":"<div class=\"col-lg-8\">\n<div class=\"row py-4\">\n<div class=\"col\">\n<p class=\"Normal\"><strong><span class=\"Normal__Char\">Pan Vladim\u00edr nigdy w \u017cyciu nie uskar\u017ca\u0142 si\u0119 na&nbsp;\u017cadne problemy zdrowotne. Prowadzi\u0142 zdrowy styl \u017cycia, do 35 roku \u017cycia intensywnie trenowa\u0142 hokej. Tym wi\u0119kszym zaskoczeniem okaza\u0142 si\u0119 nieoczekiwany zawa\u0142. Vladim\u00edr mia\u0142 74 lata. Okaza\u0142o si\u0119 jednak, \u017ce zawa\u0142 serca nie by\u0142 ostatnim wydarzeniem, kt\u00f3re sprawi\u0142o, \u017ce musia\u0142 zmieni\u0107 swoje priorytety zdrowotne&#8230;<\/span><\/strong><\/p>\n<p class=\"Normal\"><span class=\"Normal__Char\">\u201eW ci\u0105gu 6 miesi\u0119cy leczy\u0142em si\u0119 z&nbsp;dw\u00f3ch statystycznie najgorszych chor\u00f3b\u201d &#8211; stwierdza z&nbsp;nonszalancj\u0105 na&nbsp;pocz\u0105tek naszej rozmowy. Drug\u0105 diagnoz\u0119 stanowi\u0142o zaj\u0119cie prostaty, kt\u00f3re wykryto dok\u0142adnie mi\u0119dzy obiema planowanymi operacjami serca.\u00a0\u201e<em>Kiedy zdiagnozowano u&nbsp;mnie raka prostaty, wiedzia\u0142em ju\u017c o&nbsp;istnieniu Centrum Terapii Protonowej. Dlatego niezw\u0142ocznie skontaktowa\u0142em si\u0119 z&nbsp;Centrum, cho\u0107 nie mia\u0142em \u017cadnego skierowania od lekarza, a&nbsp;jedynie kart\u0119 choroby z&nbsp;przychodni z&nbsp;potwierdzeniem wykrytego nowotworu. Leczenie rozpocz\u0105\u0142em praktycznie od razu po drugiej operacji serca, kt\u00f3ra mia\u0142a miejsce w sierpniu zesz\u0142ego roku.<\/em>\u201d<\/span><\/p>\n<p class=\"Normal\"><span class=\"Normal__Char\">Je\u017celi komu\u015b w \u017cyciu przytrafiaj\u0105 si\u0119 nieoczekiwane komplikacje zdrowotne, pan Vladim\u00edr uwa\u017ca, \u017ce najwa\u017cniejsze jest natychmiastowe podj\u0119cie dzia\u0142a\u0144. Jest przekonany, \u017ce cz\u0142owiek musi od razu dzia\u0142a\u0107, \u017ceby nie ryzykowa\u0107 wy\u015bcigu z&nbsp;czasem. Sam skontaktowa\u0142 si\u0119 z&nbsp;Centrum Terapii Protonowej najpierw przez telefon, um\u00f3wi\u0142 si\u0119 na&nbsp;konsultacje wst\u0119pne z&nbsp;lekarzem, nast\u0119pnie przeszed\u0142 konieczne badania wst\u0119pne. P\u00f3\u017aniej wystarczy\u0142o ju\u017c tylko ustali\u0107 dok\u0142adny termin rozpocz\u0119cia leczenia. Jednak w jego przypadku leczenie mo\u017cna by\u0142o rozpocz\u0105\u0107 dopiero po drugiej operacji serca, kt\u00f3ra by\u0142a konieczna do w\u0142a\u015bciwej rekonwalescencji.<\/span><\/p>\n<p class=\"Normal\"><span class=\"Normal__Char\">Pan Vladim\u00edr przyznaje, \u017ce by\u0142 bardzo zadowolony z&nbsp;opieki kardiologicznej w szpitalu w Czeskich Budziejowicach. Nie szcz\u0119dzi r\u00f3wnie\u017c pochwa\u0142 protonoterapii w Pradze. Przede wszystkim docenia podej\u015bcie personelu medycznego i&nbsp;niemedycznego w Centrum Terapii Protonowej. Wspomina r\u00f3wnie\u017c, \u017ce wa\u017cna jest wsp\u00f3\u0142praca w podej\u015bciu do pacjenta \u2013 sam wiedzia\u0142, \u017ce chce si\u0119 wyleczy\u0107, i&nbsp;to w\u0142a\u015bnie w Centrum Terapii Protonowej. \u201eNie chcia\u0142em \u017cadnego innego typu leczenia, wszystko przeczyta\u0142em i&nbsp;przeanalizowa\u0142em, ca\u0142e leczenie przebiega\u0142o ca\u0142kowicie bez problem\u00f3w, zatwierdzi\u0142 je zak\u0142ad ubezpiecze\u0144 zdrowotnych, po zako\u0144czeniu leczenia nie mia\u0142em \u017cadnych problem\u00f3w z&nbsp;wykonywaniem jakichkolwiek czynno\u015bci.\u201d<\/span><\/p>\n<p class=\"Normal\"><span class=\"Normal__Char\">Przez pi\u0119\u0107 tygodni doje\u017cd\u017ca\u0142 do Pragi na&nbsp;leczenie z&nbsp;Czeskich Budziejowic samochodem, a&nbsp;regularne wizyty w Centrum Terapii Protonowej sta\u0142y si\u0119 integraln\u0105 cz\u0119\u015bci\u0105 jego codziennej rutyny. Dzi\u015b czuje si\u0119 doskonale i&nbsp;z&nbsp;niejakim rozbawieniem stwierdza, \u017ce zako\u0144czenie terapii by\u0142o dla niego pewnym zaskoczeniem.\u00a0\u201e<em>To dziwne, przejd\u0119 terapi\u0119 na&nbsp;powa\u017cn\u0105 chorob\u0119, a&nbsp;potem ciesz\u0119 si\u0119, \u017ce mam okazj\u0119 wr\u00f3ci\u0107 na&nbsp;miejsce zbrodni. Przyjemne otoczenie i&nbsp;ludzie, fantastyczny sprz\u0119t, wykszta\u0142ceni specjali\u015bci, kr\u00f3tko m\u00f3wi\u0105c, wszyscy, kt\u00f3rych tutaj spotka\u0142em zrobili na&nbsp;mnie tak dobre wra\u017cenie, \u017ce po powrocie do domu z&nbsp;ostatniej frakcji na\u015bwietlania u\u015bwiadomi\u0142em sobie, \u017ce b\u0119d\u0119 t\u0119skni\u0107 za regularnymi wyjazdami do Centrum Terapii Protonowej.<\/em>\u201d<\/span><\/p>\n<p class=\"Normal\"><span class=\"Normal__Char\">O tym, \u017ce Centrum Terapii Protonowej zrobi\u0142o na&nbsp;panu Vladim\u00edrze naprawd\u0119 du\u017ce wra\u017cenie \u015bwiadczy r\u00f3wnie\u017c zapa\u0142, z&nbsp;jakim opisuje w\u0142asn\u0105 entuzjastyczn\u0105 wizj\u0119 przysz\u0142o\u015bci protonoterapii w Czechach:\u00a0\u201e<em>Wyobra\u017cam sobie, \u017ce tu\u017c obok autostrady do Czeskich Budziejowic mog\u0142oby powsta\u0107 europejskie centrum protonoterapii, gdzie przyje\u017cd\u017caliby na&nbsp;leczenie nie tylko pacjenci z&nbsp;Czech, ale r\u00f3wnie\u017c z&nbsp;ca\u0142ej Europy. W ten spos\u00f3b doskona\u0142e podej\u015bcie, specjalistyczna opieka i&nbsp;fantastyczny poziom leczenia mog\u0142yby sta\u0107 si\u0119 dost\u0119pne dla jeszcze szerszego spektrum chorych. Uwa\u017cam, \u017ce ka\u017cdy powinien mie\u0107 szans\u0119 leczy\u0107 si\u0119 onkologicznie tak, jak chce<\/em>\u201d &#8211; dodaje by\u0142y pacjent, dla kt\u00f3rego do dzi\u015b ka\u017cda kontrola w Centrum Terapii Protonowej stanowi przyjemny obowi\u0105zek.<\/span><\/p>\n<\/div>\n<\/div>\n<\/div>\n","protected":false},"excerpt":{"rendered":"<p>Pan Vladim\u00edr nigdy w \u017cyciu nie uskar\u017ca\u0142 si\u0119 na&nbsp;\u017cadne problemy zdrowotne. Prowadzi\u0142 zdrowy styl \u017cycia, do 35 roku \u017cycia intensywnie trenowa\u0142 hokej. Tym wi\u0119kszym zaskoczeniem okaza\u0142 si\u0119 nieoczekiwany zawa\u0142. Vladim\u00edr mia\u0142 74 lata. Okaza\u0142o si\u0119 jednak, \u017ce zawa\u0142 serca nie by\u0142 ostatnim wydarzeniem, kt\u00f3re sprawi\u0142o, \u017ce musia\u0142 zmieni\u0107 swoje priorytety zdrowotne&#8230; \u201eW ci\u0105gu 6 miesi\u0119cy&#8230;<\/p>\n","protected":false},"author":9,"featured_media":4598,"comment_status":"open","ping_status":"open","sticky":false,"template":"","format":"standard","meta":{"footnotes":""},"categories":[29],"tags":[],"class_list":["post-4596","post","type-post","status-publish","format-standard","has-post-thumbnail","hentry","category-historie-pacjentow"],"acf":[],"aioseo_notices":[],"_links":{"self":[{"href":"https:\/\/www.ptc.cz\/pl\/wp-json\/wp\/v2\/posts\/4596","targetHints":{"allow":["GET"]}}],"collection":[{"href":"https:\/\/www.ptc.cz\/pl\/wp-json\/wp\/v2\/posts"}],"about":[{"href":"https:\/\/www.ptc.cz\/pl\/wp-json\/wp\/v2\/types\/post"}],"author":[{"embeddable":true,"href":"https:\/\/www.ptc.cz\/pl\/wp-json\/wp\/v2\/users\/9"}],"replies":[{"embeddable":true,"href":"https:\/\/www.ptc.cz\/pl\/wp-json\/wp\/v2\/comments?post=4596"}],"version-history":[{"count":1,"href":"https:\/\/www.ptc.cz\/pl\/wp-json\/wp\/v2\/posts\/4596\/revisions"}],"predecessor-version":[{"id":4599,"href":"https:\/\/www.ptc.cz\/pl\/wp-json\/wp\/v2\/posts\/4596\/revisions\/4599"}],"wp:featuredmedia":[{"embeddable":true,"href":"https:\/\/www.ptc.cz\/pl\/wp-json\/wp\/v2\/media\/4598"}],"wp:attachment":[{"href":"https:\/\/www.ptc.cz\/pl\/wp-json\/wp\/v2\/media?parent=4596"}],"wp:term":[{"taxonomy":"category","embeddable":true,"href":"https:\/\/www.ptc.cz\/pl\/wp-json\/wp\/v2\/categories?post=4596"},{"taxonomy":"post_tag","embeddable":true,"href":"https:\/\/www.ptc.cz\/pl\/wp-json\/wp\/v2\/tags?post=4596"}],"curies":[{"name":"wp","href":"https:\/\/api.w.org\/{rel}","templated":true}]}}