{"id":3610,"date":"2024-06-14T19:39:33","date_gmt":"2024-06-14T17:39:33","guid":{"rendered":"https:\/\/www.ptc.cz\/?p=3610"},"modified":"2024-06-14T19:39:33","modified_gmt":"2024-06-14T17:39:33","slug":"nadory-mozgu-ako-sa-prejavuju-preco-vznikaju-a-ako-sa-liecia","status":"publish","type":"post","link":"https:\/\/www.ptc.cz\/sk\/blog\/nadory-mozgu-ako-sa-prejavuju-preco-vznikaju-a-ako-sa-liecia\/","title":{"rendered":"N\u00e1dory mozgu: ako sa prejavuj\u00fa, pre\u010do vznikaj\u00fa a&nbsp;ako sa lie\u010dia"},"content":{"rendered":"<p>N\u00e1dor mozgu, niekedy tie\u017e nespr\u00e1vne ozna\u010dovan\u00fd ako rakovina mozgu, je ro\u010dne diagnostikovan\u00fd pribli\u017ene 700 &#8211; 800 pacientom na&nbsp;Slovensku.<\/p>\n<div class=\"row\">\n<div class=\"col\">\n<p>Predstavuje asi 1,5% zo v\u0161etk\u00fdch zhubn\u00fdch n\u00e1dorov\u00fdch ochoren\u00ed. N\u00e1dory mozgu sa objavuj\u00fa o&nbsp;nie\u010do viac \u010dastej\u0161ie u&nbsp;mu\u017eov. Na&nbsp;z\u00e1klade veku sa toto ochorenie vyskytuje \u010dastej\u0161ie pri dvoch skupin\u00e1ch, a&nbsp;to u&nbsp;det\u00ed mlad\u0161\u00edch ako 5 rokov a&nbsp;potom u&nbsp;dospel\u00fdch nad&nbsp;60 rokov. Existuje hne\u010f nieko\u013eko typov mozgov\u00fdch n\u00e1dorov &#8211; okrem in\u00fdch s\u00fa to napr\u00edklad:<\/p>\n<ul>\n<li>Gliomy (vznikut\u00e9 z&nbsp;buniek podporn\u00e9ho mozgov\u00e9ho tkaniva),<\/li>\n<li>meninge\u00f3my (z&nbsp;buniek mozgov\u00fdch obalov),<\/li>\n<li>neurinomy (n\u00e1dory na&nbsp;mozgovomiechov\u00fdch nervoch),<\/li>\n<li>meduloblast\u00f3my (objavuj\u00fa sa hlavne u&nbsp;det\u00ed a&nbsp;m\u00f4\u017eu sa \u0161\u00edri\u0165 mozgovomiechovom mokom)<\/li>\n<li>a mnoh\u00e9 \u010fal\u0161ie.<\/li>\n<\/ul>\n<h2>Ak\u00e9 s\u00fa rizikov\u00e9 faktory vzniku mozgov\u00fdch n\u00e1dorov<\/h2>\n<p>Podobne ako u&nbsp;in\u00fdch n\u00e1dorov\u00fdch ochoren\u00ed nie je ani u&nbsp;n\u00e1dorov mozgu presne zmapovan\u00fd kompletn\u00fd zoznam mo\u017en\u00fdch sp\u00fa\u0161\u0165ac\u00edch mechanizmov. Ist\u00e9 v\u0161ak je, \u017ee svoju \u00falohu zohr\u00e1va dedi\u010dnos\u0165 (asi 5% zo v\u0161etk\u00fdch mozgov\u00fdch tumorov je geneticky podmienen\u00fdch), a&nbsp;negat\u00edvny vplyv m\u00e1 aj p\u00f4sobenie r\u00e1dioakt\u00edvneho \u017eiarenia, niektor\u00fdch chemick\u00fdch l\u00e1tok alebo v\u00edrusov.<\/p>\n<h2>Pr\u00edznaky mozgov\u00fdch n\u00e1dorov<\/h2>\n<p>Pr\u00edznaky mozgov\u00e9ho n\u00e1doru sa l\u00ed\u0161i v&nbsp;z\u00e1vislosti na&nbsp;tom, kde presne v&nbsp;mozgu sa tumor nach\u00e1dza, a&nbsp;na&nbsp;ktor\u00e9 centr\u00e1 t\u00fdm p\u00e1dom tla\u010d\u00ed. Pokia\u013e na&nbsp;sebe spozorujete niektor\u00fd z&nbsp;nasleduj\u00facich pr\u00edznakov, nev\u00e1hajte a&nbsp;nav\u0161t\u00edvte svojho praktick\u00e9ho lek\u00e1ra:<\/p>\n<ul>\n<li>Nezvy\u010dajn\u00e9 bolesti hlavy, ktor\u00e9 sa zhor\u0161uj\u00fa hlavne po prebuden\u00ed,<\/li>\n<li>objavuj\u00face sa epileptick\u00e9 z\u00e1chvaty,<\/li>\n<li>n\u00e1hle vracanie, predov\u0161etk\u00fdm r\u00e1no a&nbsp;bez predch\u00e1dzaj\u00facej nevo\u013enosti,<\/li>\n<li>dvojit\u00e9 \u010di hmlist\u00e9 videnie, respekt\u00edve aj n\u00e1hle zhor\u0161enie zraku,<\/li>\n<li>zhor\u0161enie \u010duchu alebo sluchu,<\/li>\n<li>probl\u00e9my s&nbsp;rozpr\u00e1van\u00edm, n\u00e1hla zajakavos\u0165,<\/li>\n<li>probl\u00e9my s&nbsp;motorikou, tria\u0161ka r\u00fak,<\/li>\n<li>intelektu\u00e1lne \u00fatlm, v\u00fdpadky pam\u00e4ti, zhor\u0161en\u00e1 schopnos\u0165 po\u010d\u00edta\u0165,<\/li>\n<li>zm\u00e4tenos\u0165, dezorient\u00e1cia a&nbsp;in\u00e9 n\u00e1hle zmeny osobnosti a&nbsp;spr\u00e1vania.<\/li>\n<\/ul>\n<h2>V\u00fdhody prot\u00f3novej terapie pri lie\u010dbe mozgov\u00fdch n\u00e1dorov<\/h2>\n<p>Prot\u00f3nov\u00e1 r\u00e1dioterapia m\u00e1 v&nbsp;porovnan\u00ed s&nbsp;konven\u010dn\u00fdm fot\u00f3nov\u00fdm o\u017earovan\u00edm t\u00fa obrovsk\u00fa v\u00fdhodu, \u017ee v\u010faka presnosti zacielenia prot\u00f3nov\u00e9ho zv\u00e4zku v\u00fdrazne eliminuje ne\u017eiaduce \u00fa\u010dinky lie\u010dby, rovnako ako rizik\u00e1 spojen\u00e9 s&nbsp;po\u0161koden\u00edm zraku, sluchu alebo intelektu\u00e1lnych schopnost\u00ed.<\/p>\n<\/div>\n<\/div>\n","protected":false},"excerpt":{"rendered":"<p>N\u00e1dor mozgu, niekedy tie\u017e nespr\u00e1vne ozna\u010dovan\u00fd ako rakovina mozgu, je ro\u010dne diagnostikovan\u00fd pribli\u017ene 700 &#8211; 800 pacientom na&nbsp;Slovensku. Predstavuje asi 1,5% zo v\u0161etk\u00fdch zhubn\u00fdch n\u00e1dorov\u00fdch ochoren\u00ed. N\u00e1dory mozgu sa objavuj\u00fa o&nbsp;nie\u010do viac \u010dastej\u0161ie u&nbsp;mu\u017eov. Na&nbsp;z\u00e1klade veku sa toto ochorenie vyskytuje \u010dastej\u0161ie pri dvoch skupin\u00e1ch, a&nbsp;to u&nbsp;det\u00ed mlad\u0161\u00edch ako 5 rokov a&nbsp;potom u&nbsp;dospel\u00fdch nad&nbsp;60 rokov. Existuje&#8230;<\/p>\n","protected":false},"author":9,"featured_media":2925,"comment_status":"open","ping_status":"open","sticky":false,"template":"","format":"standard","meta":{"footnotes":""},"categories":[24],"tags":[],"class_list":["post-3610","post","type-post","status-publish","format-standard","has-post-thumbnail","hentry","category-blog"],"acf":[],"aioseo_notices":[],"_links":{"self":[{"href":"https:\/\/www.ptc.cz\/sk\/wp-json\/wp\/v2\/posts\/3610","targetHints":{"allow":["GET"]}}],"collection":[{"href":"https:\/\/www.ptc.cz\/sk\/wp-json\/wp\/v2\/posts"}],"about":[{"href":"https:\/\/www.ptc.cz\/sk\/wp-json\/wp\/v2\/types\/post"}],"author":[{"embeddable":true,"href":"https:\/\/www.ptc.cz\/sk\/wp-json\/wp\/v2\/users\/9"}],"replies":[{"embeddable":true,"href":"https:\/\/www.ptc.cz\/sk\/wp-json\/wp\/v2\/comments?post=3610"}],"version-history":[{"count":1,"href":"https:\/\/www.ptc.cz\/sk\/wp-json\/wp\/v2\/posts\/3610\/revisions"}],"predecessor-version":[{"id":3611,"href":"https:\/\/www.ptc.cz\/sk\/wp-json\/wp\/v2\/posts\/3610\/revisions\/3611"}],"wp:featuredmedia":[{"embeddable":true,"href":"https:\/\/www.ptc.cz\/sk\/wp-json\/wp\/v2\/media\/2925"}],"wp:attachment":[{"href":"https:\/\/www.ptc.cz\/sk\/wp-json\/wp\/v2\/media?parent=3610"}],"wp:term":[{"taxonomy":"category","embeddable":true,"href":"https:\/\/www.ptc.cz\/sk\/wp-json\/wp\/v2\/categories?post=3610"},{"taxonomy":"post_tag","embeddable":true,"href":"https:\/\/www.ptc.cz\/sk\/wp-json\/wp\/v2\/tags?post=3610"}],"curies":[{"name":"wp","href":"https:\/\/api.w.org\/{rel}","templated":true}]}}