{"id":3653,"date":"2024-06-17T12:31:21","date_gmt":"2024-06-17T10:31:21","guid":{"rendered":"https:\/\/www.ptc.cz\/?p=3653"},"modified":"2024-06-17T12:31:21","modified_gmt":"2024-06-17T10:31:21","slug":"michal","status":"publish","type":"post","link":"https:\/\/www.ptc.cz\/sk\/blog\/michal\/","title":{"rendered":"Michal"},"content":{"rendered":"<div class=\"col-lg-8\">\n<div class=\"row py-4\">\n<div class=\"col\">\n<p>Nevzd\u00e1va\u0165 sa, d\u00fafa\u0165 v&nbsp;zlep\u0161enie a&nbsp;urobi\u0165 absol\u00fatne maximum pre uzdravenie sa stalo hlavn\u00e9 mantrou p\u00e1na Michala, ktor\u00e9ho rakovina zastihla v&nbsp;podobe diagn\u00f3zy karcin\u00f3mu pa\u017eer\u00e1ka. Ochorenie za\u010dalo pozvo\u013ena &#8211; najprv sa ohl\u00e1sili probl\u00e9my s&nbsp;preh\u013atan\u00edm, ka\u0161\u013eom a&nbsp;n\u00e1sledn\u00fd \u00fabytok na&nbsp;v\u00e1he, a&nbsp;preto prvotn\u00e9 pr\u00edznaky prisudzoval Michal in\u00e9mu, u\u017e prod\u011blan\u00e9mu ochorenie pa\u017eer\u00e1ka. Verdikt na&nbsp;n\u00e1slednom CT vy\u0161etrenie v\u0161ak znel nekompromisne.<\/p>\n<p>&#8220;Predpoklada\u0165 onkologick\u00e9 ochorenie mi spo\u010diatku ned\u00e1valo moc zmysel, nemali sme k&nbsp;nemu \u017eiadnu predispoz\u00edciu v&nbsp;rodine,&#8221; za\u010d\u00edna svoje rozpr\u00e1vanie p\u00e1n Michal. Av\u0161ak po s\u00e9rii r\u00f4znych vy\u0161etren\u00ed sa nakoniec uk\u00e1zalo, \u017ee ide o&nbsp;n\u00e1dor. Ihne\u010f preto musel za\u010da\u0165 chemoterapiu<br \/>\na&nbsp;s\u00fa\u010dasne s&nbsp;\u0148ou tie\u017e o\u017earovanie, preto\u017ee karcin\u00f3m sa u\u017e nach\u00e1dzal v&nbsp;pokro\u010dilej f\u00e1ze a&nbsp;v\u00fdrazn\u00fdm sp\u00f4sobom komplikoval pr\u00edjem potravy. O\u017earovanie prot\u00f3nov\u00fa r\u00e1dioterapiou malo preto za \u00fa\u010del karcin\u00f3m zmen\u0161i\u0165, aby mohol by\u0165 n\u00e1sledne chirurgicky odstr\u00e1nenou. &#8220;Z&nbsp;nemocnice Na&nbsp;Homolce ma lek\u00e1ri poslali do Motola a&nbsp;tu mi rovno odporu\u010dili Prot\u00f3nov\u00e9 centrum. Vzh\u013eadom k&nbsp;pokro\u010dilej f\u00e1ze m\u00f4jho ochorenia a&nbsp;na&nbsp;umiestnenie karcin\u00f3mu bolo \u017eiaduce, aby zvolen\u00fd sp\u00f4sob o\u017eiarenia karcin\u00f3m presne zasiahol, ale aby z\u00e1rove\u0148 \u0161etril okolit\u00e9 zdrav\u00e9 org\u00e1ny. Prot\u00f3nov\u00e1 r\u00e1dioterapia teda bola v&nbsp;mojom pr\u00edpade jasnou vo\u013ebou, &#8220;vysvet\u013euje pacient.<\/p>\n<p>U\u017e po\u010das po\u010diato\u010dnej f\u00e1zy lie\u010dby p\u00e1n Michal oce\u0148oval na&nbsp;pr\u00edstupe PTC jeho flexibilitu pri rie\u0161en\u00ed administrat\u00edvnych z\u00e1le\u017eitost\u00ed a&nbsp;milo ho prekvapila vysok\u00e1 \u00farove\u0148 tunaj\u0161ieho Klientskeho servisu. &#8220;Spolupr\u00e1ca s&nbsp;Klientskym servisom pre m\u0148a bola nesmierne u\u013eah\u010denie, vlastne som sa naozaj nemusel o&nbsp;ni\u010d stara\u0165. Servis za m\u0148a vybavil v\u0161etky rokovania s&nbsp;pois\u0165ov\u0148ou, ich pr\u00edstup bol od prvopo\u010diatku ve\u013emi \u00fastretov\u00fd a&nbsp;ja sa takto mohol plne s\u00fastredi\u0165 na&nbsp;svoju lie\u010dbu. &#8220;Podobne pozit\u00edvny pr\u00edstup kon\u0161tatoval Michal aj v&nbsp;s\u00favislosti s&nbsp;ostatn\u00fdm person\u00e1lom aj o\u0161etruj\u00facimi lek\u00e1rmi &#8211; oce\u0148oval hlavne to, \u017ee od za\u010diatku vedel, v&nbsp;akej f\u00e1ze sa lie\u010dba nach\u00e1dza, a&nbsp;\u017ee mu bol cel\u00fd lie\u010debn\u00fd postup detailne vysvetlen\u00fd. &#8220;Ke\u010f si navy\u0161e pripo\u010d\u00edtate mil\u00e9 a&nbsp;pr\u00edjemn\u00e9 prostredie, ani v\u00e1m \u010dasto nepripad\u00e1, \u017ee sa do PTC chod\u00edte lie\u010di\u0165.&#8221;<\/p>\n<p>Na&nbsp;svoje sk\u00fasenosti s&nbsp;prot\u00f3nov\u00fa r\u00e1dioterapiou p\u00e1n Michal pova\u017eoval za zauj\u00edmav\u00fd aj aspekt pokro\u010dil\u00e9 technol\u00f3gie, ktor\u00fa centrum vyu\u017e\u00edva. &#8220;Pre m\u0148a osobne technol\u00f3gie predstavovali nie\u010do ako n\u00e1dej, \u017ee sa skuto\u010dne nie\u010do deje. M\u00e1m mo\u017enos\u0165 porovnania s&nbsp;lie\u010dbou klasickou chemoterapiou, kedy je \u010dlovek oby\u010dajn\u00fdm pas\u00edvnym pr\u00edjemcom medikamentu &#8211; to v&nbsp;podstate iba 4 hodiny sed\u00edte a&nbsp;prem\u00fd\u0161\u013eate. Naopak ke\u010f som okolo seba videl v&nbsp;PTC technologick\u00e9 z\u00e1zemie<br \/>\na&nbsp;celkovo vyspel\u00fa technick\u00fa \u00farove\u0148 zariaden\u00ed na&nbsp;o\u017earovanie, dodalo mi to ohromn\u00fa odvahu,<br \/>\no&nbsp;nejak\u00fdch pochybnostiach alebo strachu z&nbsp;lie\u010dby v\u00f4bec nem\u00f4\u017ee by\u0165 re\u010d. &#8220;Technologickou str\u00e1nku lie\u010dby si Michal vysk\u00fa\u0161al aj po\u010das o\u017earovania samotn\u00e9ho &#8211; poloha n\u00e1doru v&nbsp;oblasti brucha a&nbsp;\u017eal\u00fadka toti\u017e vy\u017eadovala do\u010dasn\u00e9 znehybnenie celej oblasti, vr\u00e1tane d\u00fdchanie. Michal preto podst\u00fapil n\u00e1cvik tzv. Met\u00f3dy riaden\u00e9ho n\u00e1dychu, ktor\u00e1 umo\u017e\u0148uje o\u017earovanie dan\u00fdch oblast\u00ed za \u00fapln\u00e9ho vyl\u00fa\u010denia dychov\u00fdch pohybov.<\/p>\n<p>Okrem po\u010diato\u010dn\u00e9 neistoty, s&nbsp;ktorou sa p\u00e1n Michal ako \u010derstv\u00fd onkologick\u00fd pacient pot\u00fdkal, do v\u00fdh\u013eadov jeho lie\u010dby zasiahol e\u0161te \u010fal\u0161\u00ed faktor, a&nbsp;to pandemick\u00e1 situ\u00e1cia v&nbsp;republike. S\u00e1m v\u0161ak podot\u00fdka, \u017ee za starostliv\u00e9ho dodr\u017eiavanie v\u0161etk\u00fdch ochrann\u00fdch odpor\u00fa\u010dan\u00ed v&nbsp;dom\u00e1ckom prostred\u00ed i&nbsp;mimo neho pand\u00e9miu takmer nepoci\u0165oval. &#8220;Ke\u010f sa \u010dlovek dozvie o&nbsp;tom, \u017ee sa ho t\u00fdka onkologick\u00e9 ochorenie, vn\u00edma ot\u00e1zku vlastn\u00e9ho zdravia samozrejme ove\u013ea intenz\u00edvnej\u0161ie ne\u017e to, \u010do sa aktu\u00e1lne deje vonku. Svoje spr\u00e1vanie sme samozrejme aj s&nbsp;rodinou prisp\u00f4sobili tomu, aby sme v\u00edrusovej n\u00e1kaze ne\u0161li naproti, a&nbsp;ja som sa na\u010falej plne s\u00fastredil na&nbsp;lie\u010dbu. To by som odporu\u010dil v\u0161etk\u00fdm ostatn\u00fdm pacientom &#8211; d\u00f4le\u017eit\u00e9 je zis\u0165ova\u0165 v\u0161etky inform\u00e1cie o&nbsp;tom, ako sa ochorenie d\u00e1 lie\u010di\u0165, nepodd\u00e1va\u0165 sa choroby, a&nbsp;predov\u0161etk\u00fdm neprest\u00e1va\u0165 d\u00fafa\u0165. Vedomie, \u017ee som pre vylie\u010denie urobil maximum, mi ohromne pomohlo nestrati\u0165 vieru, \u017ee v\u0161etko dobre dopadne, &#8220;uzatv\u00e1ra p\u00e1n Michal.<\/p>\n<\/div>\n<\/div>\n<\/div>\n","protected":false},"excerpt":{"rendered":"<p>Nevzd\u00e1va\u0165 sa, d\u00fafa\u0165 v&nbsp;zlep\u0161enie a&nbsp;urobi\u0165 absol\u00fatne maximum pre uzdravenie sa stalo hlavn\u00e9 mantrou p\u00e1na Michala, ktor\u00e9ho rakovina zastihla v&nbsp;podobe diagn\u00f3zy karcin\u00f3mu pa\u017eer\u00e1ka. Ochorenie za\u010dalo pozvo\u013ena &#8211; najprv sa ohl\u00e1sili probl\u00e9my s&nbsp;preh\u013atan\u00edm, ka\u0161\u013eom a&nbsp;n\u00e1sledn\u00fd \u00fabytok na&nbsp;v\u00e1he, a&nbsp;preto prvotn\u00e9 pr\u00edznaky prisudzoval Michal in\u00e9mu, u\u017e prod\u011blan\u00e9mu ochorenie pa\u017eer\u00e1ka. Verdikt na&nbsp;n\u00e1slednom CT vy\u0161etrenie v\u0161ak znel nekompromisne. &#8220;Predpoklada\u0165 onkologick\u00e9 ochorenie&#8230;<\/p>\n","protected":false},"author":9,"featured_media":3057,"comment_status":"open","ping_status":"open","sticky":false,"template":"","format":"standard","meta":{"footnotes":""},"categories":[24],"tags":[],"class_list":["post-3653","post","type-post","status-publish","format-standard","has-post-thumbnail","hentry","category-blog"],"acf":[],"aioseo_notices":[],"_links":{"self":[{"href":"https:\/\/www.ptc.cz\/sk\/wp-json\/wp\/v2\/posts\/3653","targetHints":{"allow":["GET"]}}],"collection":[{"href":"https:\/\/www.ptc.cz\/sk\/wp-json\/wp\/v2\/posts"}],"about":[{"href":"https:\/\/www.ptc.cz\/sk\/wp-json\/wp\/v2\/types\/post"}],"author":[{"embeddable":true,"href":"https:\/\/www.ptc.cz\/sk\/wp-json\/wp\/v2\/users\/9"}],"replies":[{"embeddable":true,"href":"https:\/\/www.ptc.cz\/sk\/wp-json\/wp\/v2\/comments?post=3653"}],"version-history":[{"count":1,"href":"https:\/\/www.ptc.cz\/sk\/wp-json\/wp\/v2\/posts\/3653\/revisions"}],"predecessor-version":[{"id":3654,"href":"https:\/\/www.ptc.cz\/sk\/wp-json\/wp\/v2\/posts\/3653\/revisions\/3654"}],"wp:featuredmedia":[{"embeddable":true,"href":"https:\/\/www.ptc.cz\/sk\/wp-json\/wp\/v2\/media\/3057"}],"wp:attachment":[{"href":"https:\/\/www.ptc.cz\/sk\/wp-json\/wp\/v2\/media?parent=3653"}],"wp:term":[{"taxonomy":"category","embeddable":true,"href":"https:\/\/www.ptc.cz\/sk\/wp-json\/wp\/v2\/categories?post=3653"},{"taxonomy":"post_tag","embeddable":true,"href":"https:\/\/www.ptc.cz\/sk\/wp-json\/wp\/v2\/tags?post=3653"}],"curies":[{"name":"wp","href":"https:\/\/api.w.org\/{rel}","templated":true}]}}